{"id":9942,"date":"2022-11-15T09:46:20","date_gmt":"2022-11-15T09:46:20","guid":{"rendered":"https:\/\/ozuecem.net\/ceee-ecem-tet-1-m-pinar-mengucun-cop27-birlesmis-milletler-iklim-degisikligi-konferansinda-panelist-olarak-yer-aldigi-iki-etkinligi-ve-sisecam-37-uluslararasi-cam-sempoz\/"},"modified":"2024-08-24T10:31:19","modified_gmt":"2024-08-24T10:31:19","slug":"ceee-ecem-tet-1-m-pinar-mengucun-cop27-birlesmis-milletler-iklim-degisikligi-konferansinda-panelist-olarak-yer-aldigi-iki-etkinligi-ve-sisecam-37-uluslararasi-cam-sempoz","status":"publish","type":"post","link":"https:\/\/ozuecem.net\/en\/ceee-ecem-tet-1-m-pinar-mengucun-cop27-birlesmis-milletler-iklim-degisikligi-konferansinda-panelist-olarak-yer-aldigi-iki-etkinligi-ve-sisecam-37-uluslararasi-cam-sempoz\/","title":{"rendered":"CEEE\/E\u00c7EM TET-1 includes M. P\u0131nar Meng\u00fc\u00e7\u2019s two events as a panelist at COP\u201927 United Nations Climate Change Conference and a keynote speech at \u015ei\u015fecam 37th International Glass Symposium."},"content":{"rendered":"<p><img fetchpriority=\"high\" decoding=\"async\" class=\"alignnone wp-image-8784 size-full\" src=\"https:\/\/ozuecem.net\/wp-content\/uploads\/2023\/04\/Slide1.jpg\" alt=\"\" width=\"1587\" height=\"1134\" srcset=\"https:\/\/ozuecem.net\/wp-content\/uploads\/2023\/04\/Slide1.jpg 1587w, https:\/\/ozuecem.net\/wp-content\/uploads\/2023\/04\/Slide1-768x549.jpg 768w, https:\/\/ozuecem.net\/wp-content\/uploads\/2023\/04\/Slide1-1536x1098.jpg 1536w, https:\/\/ozuecem.net\/wp-content\/uploads\/2023\/04\/Slide1-350x250.jpg 350w\" sizes=\"(max-width: 1587px) 100vw, 1587px\" \/><\/p>\n<p>CEEE\/E\u00c7EM TET-1, scheduled for November 2022, includes two events where M. P\u0131nar Meng\u00fc\u00e7 took part as a panelist at the COP\u201927 United Nations Climate Change Conference and a keynote speech at \u015ei\u015fecam\u2019s 37th International Glass Symposium.<\/p>\n<div class=\"QcsUad BDJ8fb BLojaf wneUed\">\n<div class=\"XL3Kf\">\n<div class=\"a8FIud X0rvP L6rCcb\">\n<div data-show-delay-ms=\"250\" data-append-to-body=\"false\" data-propagate-tooltip-mouseover-events=\"true\" data-anchor-corner=\"bottom-end\" data-enable-skip-handler=\"false\" data-popup-corner=\"top-end\">\n<div class=\"VfPpkd-Bz112c-RLmnJb\"><\/div>\n<\/div>\n<\/div>\n<\/div>\n<div class=\"usGWQd\" aria-live=\"polite\">\n<div class=\"KkbLmb\">\n<div class=\"lRu31\"><span class=\"HwtZe\" lang=\"en\"><span class=\"jCAhz ChMk0b\"><span class=\"ryNqvb\">15 November 2022, 11:00 \u2013 11:45 (GMT+2)<\/span><\/span><\/span><\/div>\n<div><\/div>\n<ul>\n<li><span class=\"HwtZe\" lang=\"en\"><span class=\"jCAhz ChMk0b\"><span class=\"ryNqvb\">COP\u201927 SIDE EVENT \u2013 Sharm El Sheikh, Egypt<\/span><\/span><\/span><\/li>\n<li><span class=\"HwtZe\" lang=\"en\"><span class=\"jCAhz ChMk0b\"><span class=\"ryNqvb\">Emerging Technologies and Energy Transition: Barriers and Opportunities for T\u00fcrkiye<\/span><\/span><\/span><\/li>\n<li><span class=\"HwtZe\" lang=\"en\"><span class=\"jCAhz ChMk0b\"><span class=\"ryNqvb\">T\u00dcRK\u00c7\u0130MENTO &amp; \u00d6zye\u011fin University is organized by CEEE\/ECEM.<\/span><\/span><\/span><\/li>\n<li><span class=\"HwtZe\" lang=\"en\"><span class=\"jCAhz ChMk0b\"><span class=\"ryNqvb\">Canan Derin\u00f6z Gencel (moderator), M. P\u0131nar Meng\u00fc\u00e7 (panelist), M. Canan \u00d6zsoy (panelist)<\/span><\/span><\/span><\/li>\n<li><span class=\"HwtZe\" lang=\"en\"><span class=\"jCAhz ChMk0b\"><span class=\"ryNqvb\">Live Broadcast: https:\/\/youtu.be\/6dgggkmXeWo<\/span><\/span><\/span><\/li>\n<\/ul>\n<div><\/div>\n<div class=\"lRu31\"><span class=\"HwtZe\" lang=\"en\"><span class=\"jCAhz ChMk0b\"><span class=\"ryNqvb\">17 November 2022, 15:00 \u2013 15:45 (GMT+2)<\/span><\/span><\/span><\/div>\n<div><\/div>\n<ul>\n<li class=\"lRu31\"><span class=\"HwtZe\" lang=\"en\"><span class=\"jCAhz ChMk0b\"><span class=\"ryNqvb\">COP\u201927 SIDE EVENT \u2013 Sharm El Sheikh, Egypt<\/span><\/span><\/span><\/li>\n<li class=\"lRu31\"><span class=\"HwtZe\" lang=\"en\"><span class=\"jCAhz ChMk0b\"><span class=\"ryNqvb\">Twin Transformation in the Global Supply Chain<\/span><\/span>\u00a0<span class=\"jCAhz ChMk0b\"><span class=\"ryNqvb\">It is organized by<\/span><\/span><\/span><\/li>\n<li class=\"lRu31\"><span class=\"HwtZe\" lang=\"en\"><span class=\"jCAhz ChMk0b\"><span class=\"ryNqvb\">TUSIAD (Turkish Industrialists\u2019 and Businessmen\u2019s Association).<\/span><\/span><\/span><\/li>\n<li class=\"lRu31\"><span class=\"HwtZe\" lang=\"en\"><span class=\"jCAhz ChMk0b\"><span class=\"ryNqvb\">Cevdet Alemdar (moderator), Hakan Bulgurlu (panelist), Fernando Castellanos (panelist), H\u00fcseyin Geli\u015f (panelist), Durmu\u015f Top\u00e7u (panelist), M. P\u0131nar Meng\u00fc\u00e7 (panelist)<\/span><\/span><\/span><\/li>\n<li class=\"lRu31\"><span class=\"HwtZe\" lang=\"en\"><span class=\"jCAhz ChMk0b\"><span class=\"ryNqvb\">Live Broadcast: https:\/\/youtu.be\/6dgggkmXeWo<\/span><\/span><\/span><\/li>\n<\/ul>\n<div><\/div>\n<div class=\"lRu31\"><span class=\"HwtZe\" lang=\"en\"><span class=\"jCAhz ChMk0b\"><span class=\"ryNqvb\">18 November 2022, 10:00 \u2013 10:30 (GMT+3)<\/span><\/span><\/span><\/div>\n<div><\/div>\n<ul>\n<li class=\"lRu31\"><span class=\"HwtZe\" lang=\"en\"><span class=\"jCAhz ChMk0b\"><span class=\"ryNqvb\">37th \u015ei\u015fecam International Glass Symposium \u2013 Istanbul<\/span><\/span><\/span><\/li>\n<li class=\"lRu31\"><span class=\"HwtZe\" lang=\"en\"><span class=\"jCAhz ChMk0b\"><span class=\"ryNqvb\">From Radiant Heat Transfer to Sustainable Energy Conversion<\/span><\/span><\/span><\/li>\n<li class=\"lRu31\"><span class=\"HwtZe\" lang=\"en\"><span class=\"jCAhz ChMk0b\"><span class=\"ryNqvb\">It is organized by \u015ei\u015fecam.<\/span><\/span><\/span><\/li>\n<li class=\"lRu31\"><span class=\"HwtZe\" lang=\"en\"><span class=\"jCAhz ChMk0b\"><span class=\"ryNqvb\">\u00d6zg\u00fcr Acar (moderator), M. P\u0131nar Meng\u00fc\u00e7 (invited speaker)<\/span><\/span><\/span><\/li>\n<li class=\"lRu31\"><span class=\"HwtZe\" lang=\"en\"><span class=\"jCAhz ChMk0b\"><span class=\"ryNqvb\">Registration and Live Broadcast: https:\/\/www.camsempozyumu.com\/en\/my-account<\/span><\/span><\/span><\/li>\n<\/ul>\n<\/div>\n<\/div>\n<\/div>\n","protected":false},"excerpt":{"rendered":"<p>CEEE\/E\u00c7EM TET-1, scheduled for November 2022, includes two events where M. P\u0131nar Meng\u00fc\u00e7 took part as a panelist at the COP\u201927 United Nations Climate Change Conference and a keynote speech at \u015ei\u015fecam\u2019s 37th International Glass Symposium. 15 November 2022, 11:00 \u2013 11:45 (GMT+2) COP\u201927 SIDE EVENT \u2013 Sharm El Sheikh, Egypt Emerging Technologies and Energy [&hellip;]<\/p>\n","protected":false},"author":1,"featured_media":8785,"comment_status":"closed","ping_status":"closed","sticky":false,"template":"","format":"standard","meta":{"footnotes":""},"categories":[50],"tags":[],"class_list":["post-9942","post","type-post","status-publish","format-standard","has-post-thumbnail","hentry","category-announcements"],"_links":{"self":[{"href":"https:\/\/ozuecem.net\/en\/wp-json\/wp\/v2\/posts\/9942","targetHints":{"allow":["GET"]}}],"collection":[{"href":"https:\/\/ozuecem.net\/en\/wp-json\/wp\/v2\/posts"}],"about":[{"href":"https:\/\/ozuecem.net\/en\/wp-json\/wp\/v2\/types\/post"}],"author":[{"embeddable":true,"href":"https:\/\/ozuecem.net\/en\/wp-json\/wp\/v2\/users\/1"}],"replies":[{"embeddable":true,"href":"https:\/\/ozuecem.net\/en\/wp-json\/wp\/v2\/comments?post=9942"}],"version-history":[{"count":1,"href":"https:\/\/ozuecem.net\/en\/wp-json\/wp\/v2\/posts\/9942\/revisions"}],"predecessor-version":[{"id":9943,"href":"https:\/\/ozuecem.net\/en\/wp-json\/wp\/v2\/posts\/9942\/revisions\/9943"}],"wp:featuredmedia":[{"embeddable":true,"href":"https:\/\/ozuecem.net\/en\/wp-json\/wp\/v2\/media\/8785"}],"wp:attachment":[{"href":"https:\/\/ozuecem.net\/en\/wp-json\/wp\/v2\/media?parent=9942"}],"wp:term":[{"taxonomy":"category","embeddable":true,"href":"https:\/\/ozuecem.net\/en\/wp-json\/wp\/v2\/categories?post=9942"},{"taxonomy":"post_tag","embeddable":true,"href":"https:\/\/ozuecem.net\/en\/wp-json\/wp\/v2\/tags?post=9942"}],"curies":[{"name":"wp","href":"https:\/\/api.w.org\/{rel}","templated":true}]}}